{"id":20,"date":"2016-10-30T14:11:18","date_gmt":"2016-10-30T13:11:18","guid":{"rendered":"http:\/\/localhost:8080\/?p=20"},"modified":"2017-05-10T12:57:38","modified_gmt":"2017-05-10T10:57:38","slug":"viktoria-zizkov-center","status":"publish","type":"post","link":"https:\/\/www.zizkovnezastavis.cz\/kauzy\/viktoria-zizkov-center\/","title":{"rendered":"Viktoria \u017di\u017ekov Center"},"content":{"rendered":"<h2>POPIS Z\u00c1M\u011aRU<\/h2>\n<p>Polyfunk\u010dn\u00ed soubor 5-7 podla\u017en\u00edch dom\u016f, kter\u00fd kombinuje administrativu, slu\u017eby a byty (176 byt\u016f).<\/p>\n<h2>HISTORIE Z\u00c1M\u011aRU<\/h2>\n<p>Historie stavby je spjata s podnik\u00e1n\u00edm a sportem na sousedn\u00edm fotbalov\u00e9m stadionu. Pozemky p\u016fvodn\u011b vlastnila M\u010c Praha 3, kter\u00e1 v devades\u00e1t\u00fdch letech uzav\u0159ela smlouvu o v\u00fdp\u016fj\u010dce pozemk\u016f pro vlastn\u00edky sousedn\u00edho stadionu. Smlouva byla uzav\u0159ena na 80 let s podm\u00ednkou vyu\u017eit\u00ed pozemk\u016f pro sportovn\u00ed aktivity. Toto vyu\u017eit\u00ed bylo sporn\u00e9, na \u0161kv\u00e1\u0159e se ale ob\u010das hr\u00e1lo. \u00dazemn\u00ed pl\u00e1n z roku 1999 stanovil, \u017ee pozemky jsou ur\u010den\u00e9 pro sm\u00ed\u0161enou z\u00e1stavbu. M\u011bstsk\u00e1 \u010d\u00e1st pot\u00e9 vlo\u017eila pozemky do z\u00e1kladn\u00edho jm\u011bn\u00ed spole\u010dnosti, kter\u00e1 zde m\u011bla vystav\u011bt komplex polyfunk\u010dn\u00edch dom\u016f. O n\u011bkolik let pozd\u011bji sv\u016fj akciov\u00fd pod\u00edl ve spole\u010dnosti odprodala a nyn\u00ed ji\u017e v projektu majetkov\u011b nefiguruje.<\/p>\n<p>V \u00fanoru 2017 schv\u00e1lila Rada m\u011bstsk\u00e9 \u010d\u00e1sti Praha 3 (usnesen\u00ed \u010d. 88 ze dne 15. 2. 2017) smlouvu o spolupr\u00e1ci p\u0159i p\u0159\u00edprav\u011b stavby. Developer se ve smlouv\u011b zavazuje investovat do v\u00fdstavby nov\u00e9 p\u0159\u00edstupov\u00e9 cesty na fotbalov\u00fd stadion a \u00faprav\u011b tribuny, m\u011bstsk\u00e1 \u010d\u00e1st se naopak zavazuje schv\u00e1lit ve\u0161ker\u00e1 stanoviska pot\u0159ebn\u00e1 k vyd\u00e1n\u00ed stavebn\u00edho povolen\u00ed. Pr\u00e1v\u011b p\u0159\u00edstup na stadion vedouc\u00ed \u010d\u00e1ste\u010dn\u011b po pozemc\u00edch developera byl d\u016fvodem pro zastaven\u00ed \u00fazemn\u00edho \u0159\u00edzen\u00ed v roce 2016. \u00dazemn\u00ed \u0159\u00edzen\u00ed bylo znovu zah\u00e1jeno v kv\u011btnu 2017.<\/p>\n<h2>RIZIKA A P\u0158\u00cdLE\u017dITOSTI Z\u00c1M\u011aRU<\/h2>\n<p>Stavba v\u00fd\u0161kov\u011b respektuje okoln\u00ed z\u00e1stavbu v Kr\u00e1sov\u011b a Seifertov\u011b ulici. Zakl\u00e1d\u00e1 i novou, pro automobily slepou ulici sm\u011brem k fotbalov\u00e9mu stadionu. Otazn\u00edk dosud vis\u00ed nad architektonick\u00fdm ztv\u00e1rn\u011bn\u00edm, podobou ve\u0159ejn\u00fdch prostranstv\u00ed a zaji\u0161t\u011bn\u00edm nov\u00e9ho p\u0159\u00edstupu na fotbalov\u00fd stadion.<\/p>\n<div data-carousel-extra='{&quot;blog_id&quot;:1,&quot;permalink&quot;:&quot;https:\/\/www.zizkovnezastavis.cz\/kauzy\/viktoria-zizkov-center\/&quot;}' id='gallery-1' class='gallery galleryid-20 gallery-columns-2 gallery-size-large'><figure class='gallery-item'>\n\t\t\t<div class='gallery-icon landscape'>\n\t\t\t\t<a href='https:\/\/www.zizkovnezastavis.cz\/kauzy\/wp-content\/uploads\/2016\/10\/viktoria2.jpg'><img loading=\"lazy\" decoding=\"async\" width=\"840\" height=\"484\" src=\"https:\/\/www.zizkovnezastavis.cz\/kauzy\/wp-content\/uploads\/2016\/10\/viktoria2-1024x590.jpg\" class=\"attachment-large size-large\" alt=\"\" srcset=\"https:\/\/www.zizkovnezastavis.cz\/kauzy\/wp-content\/uploads\/2016\/10\/viktoria2-1024x590.jpg 1024w, https:\/\/www.zizkovnezastavis.cz\/kauzy\/wp-content\/uploads\/2016\/10\/viktoria2-300x173.jpg 300w, https:\/\/www.zizkovnezastavis.cz\/kauzy\/wp-content\/uploads\/2016\/10\/viktoria2-768x443.jpg 768w, https:\/\/www.zizkovnezastavis.cz\/kauzy\/wp-content\/uploads\/2016\/10\/viktoria2-1200x692.jpg 1200w, https:\/\/www.zizkovnezastavis.cz\/kauzy\/wp-content\/uploads\/2016\/10\/viktoria2.jpg 1230w\" sizes=\"auto, (max-width: 709px) 85vw, (max-width: 909px) 67vw, (max-width: 1362px) 62vw, 840px\" data-attachment-id=\"79\" data-permalink=\"https:\/\/www.zizkovnezastavis.cz\/kauzy\/viktoria-zizkov-center\/viktoria2\/\" data-orig-file=\"https:\/\/www.zizkovnezastavis.cz\/kauzy\/wp-content\/uploads\/2016\/10\/viktoria2.jpg\" data-orig-size=\"1230,709\" data-comments-opened=\"1\" data-image-meta=\"{&quot;aperture&quot;:&quot;0&quot;,&quot;credit&quot;:&quot;&quot;,&quot;camera&quot;:&quot;&quot;,&quot;caption&quot;:&quot;&quot;,&quot;created_timestamp&quot;:&quot;0&quot;,&quot;copyright&quot;:&quot;&quot;,&quot;focal_length&quot;:&quot;0&quot;,&quot;iso&quot;:&quot;0&quot;,&quot;shutter_speed&quot;:&quot;0&quot;,&quot;title&quot;:&quot;&quot;,&quot;orientation&quot;:&quot;1&quot;}\" data-image-title=\"viktoria2\" data-image-description=\"\" data-image-caption=\"\" data-medium-file=\"https:\/\/www.zizkovnezastavis.cz\/kauzy\/wp-content\/uploads\/2016\/10\/viktoria2-300x173.jpg\" data-large-file=\"https:\/\/www.zizkovnezastavis.cz\/kauzy\/wp-content\/uploads\/2016\/10\/viktoria2-1024x590.jpg\" \/><\/a>\n\t\t\t<\/div><\/figure><figure class='gallery-item'>\n\t\t\t<div class='gallery-icon landscape'>\n\t\t\t\t<a href='https:\/\/www.zizkovnezastavis.cz\/kauzy\/wp-content\/uploads\/2016\/10\/viktoria1-1.jpg'><img loading=\"lazy\" decoding=\"async\" width=\"840\" height=\"485\" src=\"https:\/\/www.zizkovnezastavis.cz\/kauzy\/wp-content\/uploads\/2016\/10\/viktoria1-1-1024x591.jpg\" class=\"attachment-large size-large\" alt=\"\" srcset=\"https:\/\/www.zizkovnezastavis.cz\/kauzy\/wp-content\/uploads\/2016\/10\/viktoria1-1-1024x591.jpg 1024w, https:\/\/www.zizkovnezastavis.cz\/kauzy\/wp-content\/uploads\/2016\/10\/viktoria1-1-300x173.jpg 300w, https:\/\/www.zizkovnezastavis.cz\/kauzy\/wp-content\/uploads\/2016\/10\/viktoria1-1-768x444.jpg 768w, https:\/\/www.zizkovnezastavis.cz\/kauzy\/wp-content\/uploads\/2016\/10\/viktoria1-1.jpg 1096w\" sizes=\"auto, (max-width: 709px) 85vw, (max-width: 909px) 67vw, (max-width: 1362px) 62vw, 840px\" data-attachment-id=\"78\" data-permalink=\"https:\/\/www.zizkovnezastavis.cz\/kauzy\/viktoria-zizkov-center\/viktoria1-2\/\" data-orig-file=\"https:\/\/www.zizkovnezastavis.cz\/kauzy\/wp-content\/uploads\/2016\/10\/viktoria1-1.jpg\" data-orig-size=\"1096,633\" data-comments-opened=\"1\" data-image-meta=\"{&quot;aperture&quot;:&quot;0&quot;,&quot;credit&quot;:&quot;&quot;,&quot;camera&quot;:&quot;&quot;,&quot;caption&quot;:&quot;&quot;,&quot;created_timestamp&quot;:&quot;0&quot;,&quot;copyright&quot;:&quot;&quot;,&quot;focal_length&quot;:&quot;0&quot;,&quot;iso&quot;:&quot;0&quot;,&quot;shutter_speed&quot;:&quot;0&quot;,&quot;title&quot;:&quot;&quot;,&quot;orientation&quot;:&quot;0&quot;}\" data-image-title=\"viktoria1\" data-image-description=\"\" data-image-caption=\"\" data-medium-file=\"https:\/\/www.zizkovnezastavis.cz\/kauzy\/wp-content\/uploads\/2016\/10\/viktoria1-1-300x173.jpg\" data-large-file=\"https:\/\/www.zizkovnezastavis.cz\/kauzy\/wp-content\/uploads\/2016\/10\/viktoria1-1-1024x591.jpg\" \/><\/a>\n\t\t\t<\/div><\/figure>\n\t\t<\/div>\n\n<div><a href=\"http:\/\/localhost:8080\/wp-content\/uploads\/2016\/10\/viktoria_mapa.jpg\"><img loading=\"lazy\" decoding=\"async\" data-attachment-id=\"80\" data-permalink=\"https:\/\/www.zizkovnezastavis.cz\/kauzy\/viktoria-zizkov-center\/viktoria_mapa\/\" data-orig-file=\"https:\/\/www.zizkovnezastavis.cz\/kauzy\/wp-content\/uploads\/2016\/10\/viktoria_mapa.jpg\" data-orig-size=\"1608,813\" data-comments-opened=\"1\" data-image-meta=\"{&quot;aperture&quot;:&quot;0&quot;,&quot;credit&quot;:&quot;&quot;,&quot;camera&quot;:&quot;&quot;,&quot;caption&quot;:&quot;&quot;,&quot;created_timestamp&quot;:&quot;0&quot;,&quot;copyright&quot;:&quot;&quot;,&quot;focal_length&quot;:&quot;0&quot;,&quot;iso&quot;:&quot;0&quot;,&quot;shutter_speed&quot;:&quot;0&quot;,&quot;title&quot;:&quot;&quot;,&quot;orientation&quot;:&quot;0&quot;}\" data-image-title=\"viktoria_mapa\" data-image-description=\"\" data-image-caption=\"\" data-medium-file=\"https:\/\/www.zizkovnezastavis.cz\/kauzy\/wp-content\/uploads\/2016\/10\/viktoria_mapa-300x152.jpg\" data-large-file=\"https:\/\/www.zizkovnezastavis.cz\/kauzy\/wp-content\/uploads\/2016\/10\/viktoria_mapa-1024x518.jpg\" class=\"aligncenter wp-image-80 size-large\" src=\"http:\/\/localhost:8080\/wp-content\/uploads\/2016\/10\/viktoria_mapa-1024x518.jpg\" alt=\"viktoria_mapa\" width=\"840\" height=\"425\" srcset=\"https:\/\/www.zizkovnezastavis.cz\/kauzy\/wp-content\/uploads\/2016\/10\/viktoria_mapa-1024x518.jpg 1024w, https:\/\/www.zizkovnezastavis.cz\/kauzy\/wp-content\/uploads\/2016\/10\/viktoria_mapa-300x152.jpg 300w, https:\/\/www.zizkovnezastavis.cz\/kauzy\/wp-content\/uploads\/2016\/10\/viktoria_mapa-768x388.jpg 768w, https:\/\/www.zizkovnezastavis.cz\/kauzy\/wp-content\/uploads\/2016\/10\/viktoria_mapa-1200x607.jpg 1200w, https:\/\/www.zizkovnezastavis.cz\/kauzy\/wp-content\/uploads\/2016\/10\/viktoria_mapa.jpg 1608w\" sizes=\"auto, (max-width: 709px) 85vw, (max-width: 909px) 67vw, (max-width: 1362px) 62vw, 840px\" \/><\/a><\/div>\n","protected":false},"excerpt":{"rendered":"<p>POPIS Z\u00c1M\u011aRU Polyfunk\u010dn\u00ed soubor 5-7 podla\u017en\u00edch dom\u016f, kter\u00fd kombinuje administrativu, slu\u017eby a byty (176 byt\u016f). HISTORIE Z\u00c1M\u011aRU Historie stavby je spjata s podnik\u00e1n\u00edm a sportem na sousedn\u00edm fotbalov\u00e9m stadionu. Pozemky p\u016fvodn\u011b vlastnila M\u010c Praha 3, kter\u00e1 v devades\u00e1t\u00fdch letech uzav\u0159ela smlouvu o v\u00fdp\u016fj\u010dce pozemk\u016f pro vlastn\u00edky sousedn\u00edho stadionu. Smlouva byla uzav\u0159ena na 80 let s &hellip; <a href=\"https:\/\/www.zizkovnezastavis.cz\/kauzy\/viktoria-zizkov-center\/\" class=\"more-link\">Pokra\u010dovat ve \u010dten\u00ed<span class=\"screen-reader-text\"> &#8222;Viktoria \u017di\u017ekov Center&#8220;<\/span><\/a><\/p>\n","protected":false},"author":1,"featured_media":79,"comment_status":"open","ping_status":"open","sticky":false,"template":"","format":"standard","meta":{"jetpack_post_was_ever_published":false,"_jetpack_newsletter_access":"","_jetpack_dont_email_post_to_subs":true,"_jetpack_newsletter_tier_id":0,"_jetpack_memberships_contains_paywalled_content":false,"_jetpack_memberships_contains_paid_content":false,"footnotes":"","jetpack_publicize_message":"","jetpack_publicize_feature_enabled":true,"jetpack_social_post_already_shared":false,"jetpack_social_options":{"image_generator_settings":{"template":"highway","default_image_id":0,"font":"","enabled":false},"version":2}},"categories":[2],"tags":[9],"class_list":["post-20","post","type-post","status-publish","format-standard","has-post-thumbnail","hentry","category-kauzy","tag-viktoria"],"jetpack_publicize_connections":[],"jetpack_featured_media_url":"https:\/\/www.zizkovnezastavis.cz\/kauzy\/wp-content\/uploads\/2016\/10\/viktoria2.jpg","jetpack_sharing_enabled":true,"jetpack_shortlink":"https:\/\/wp.me\/p84hC0-k","_links":{"self":[{"href":"https:\/\/www.zizkovnezastavis.cz\/kauzy\/wp-json\/wp\/v2\/posts\/20","targetHints":{"allow":["GET"]}}],"collection":[{"href":"https:\/\/www.zizkovnezastavis.cz\/kauzy\/wp-json\/wp\/v2\/posts"}],"about":[{"href":"https:\/\/www.zizkovnezastavis.cz\/kauzy\/wp-json\/wp\/v2\/types\/post"}],"author":[{"embeddable":true,"href":"https:\/\/www.zizkovnezastavis.cz\/kauzy\/wp-json\/wp\/v2\/users\/1"}],"replies":[{"embeddable":true,"href":"https:\/\/www.zizkovnezastavis.cz\/kauzy\/wp-json\/wp\/v2\/comments?post=20"}],"version-history":[{"count":9,"href":"https:\/\/www.zizkovnezastavis.cz\/kauzy\/wp-json\/wp\/v2\/posts\/20\/revisions"}],"predecessor-version":[{"id":256,"href":"https:\/\/www.zizkovnezastavis.cz\/kauzy\/wp-json\/wp\/v2\/posts\/20\/revisions\/256"}],"wp:featuredmedia":[{"embeddable":true,"href":"https:\/\/www.zizkovnezastavis.cz\/kauzy\/wp-json\/wp\/v2\/media\/79"}],"wp:attachment":[{"href":"https:\/\/www.zizkovnezastavis.cz\/kauzy\/wp-json\/wp\/v2\/media?parent=20"}],"wp:term":[{"taxonomy":"category","embeddable":true,"href":"https:\/\/www.zizkovnezastavis.cz\/kauzy\/wp-json\/wp\/v2\/categories?post=20"},{"taxonomy":"post_tag","embeddable":true,"href":"https:\/\/www.zizkovnezastavis.cz\/kauzy\/wp-json\/wp\/v2\/tags?post=20"}],"curies":[{"name":"wp","href":"https:\/\/api.w.org\/{rel}","templated":true}]}}