{"id":329,"date":"2018-02-11T18:08:33","date_gmt":"2018-02-11T17:08:33","guid":{"rendered":"http:\/\/zizkovnezastavis.cz\/kauzy\/?p=329"},"modified":"2020-12-02T15:35:39","modified_gmt":"2020-12-02T14:35:39","slug":"polyfunkcni-dum-pitterova","status":"publish","type":"post","link":"https:\/\/www.zizkovnezastavis.cz\/kauzy\/polyfunkcni-dum-pitterova\/","title":{"rendered":"Polyfunk\u010dn\u00ed d\u016fm Pitterova"},"content":{"rendered":"<h2>Popis a historie z\u00e1m\u011bru<\/h2>\n<p>Navrhovan\u00fd \u0161estipodla\u017en\u00ed polyfunk\u010dn\u00ed d\u016fm v ulici Pitterova by m\u011bl st\u00e1t na plo\u0161e ozna\u010den\u00e9 v \u00fazemn\u00edm pl\u00e1nu Prahy jako SV (v\u0161eobecn\u011b sm\u00ed\u0161en\u00e9). V dom\u011b by m\u011bla dominovat bytov\u00e1 funkce dopln\u011bn\u00e1 o restauraci \/ kav\u00e1rnu v p\u0159\u00edzem\u00ed. Na st\u0159e\u0161e domu se po\u010d\u00edt\u00e1 se st\u0159e\u0161n\u00edmi zahradami. V p\u0159\u00edzem\u00ed jsou navr\u017eeny parkovac\u00ed st\u00e1n\u00ed a ob\u010dansk\u00e1 vybavenost (restaurace), zat\u00edmco od druh\u00e9ho patra v\u00fd\u0161e jsou ji\u017e byty.\u00a0 V oblasti suter\u00e9nu by m\u011bly b\u00fdt gar\u00e1\u017ee p\u0159\u00edstupn\u00e9 rampou. Architektura navr\u017een\u00e9ho objektu mus\u00ed \u0159e\u0161it nestandardn\u011b \u00fazkou stavebn\u00ed parcelu, to v\u0161ak architekt p\u0159evrac\u00ed ve v\u00fdhodu &#8211; jednotliv\u00e9 byty maj\u00ed okna na ob\u011b strany, ji\u017en\u00ed do ulice a severn\u00ed do parku, a p\u0159\u00ed\u010dn\u00e9 v\u011btr\u00e1n\u00ed.<\/p>\n<p>Podle tvrzen\u00ed architekta je navrhovan\u00fd d\u016fm v souladu se studi\u00ed parku Paruk\u00e1\u0159ka zpracovanou architektonick\u00fdm atelierem AP architekta Josefa Pleskota v roce 2017. Se studi\u00ed vyj\u00e1d\u0159ila p\u0159edb\u011b\u017en\u00fd souhlas radnice M\u010c Praha 3 v zim\u011b roku 2017 pod podm\u00ednkou p\u0159evodu zbytkovy\u0301ch \u010d\u00e1st\u00ed pozemk\u016f sm\u011brem do parku na m\u011bstskou \u010d\u00e1st. <a href=\"https:\/\/www.praha3.cz\/getFile\/case:show\/id:898994\">V lednu 2020 Zastupitelstvo M\u010c<\/a> schv\u00e1lilo uzav\u0159en\u00ed budouc\u00ed smlouvy darovac\u00ed se spole\u010dnost\u00ed REXWOOD Invest a. s. M\u011bstsk\u00e1 \u010d\u00e1st nyn\u00ed p\u0159ipravuje zad\u00e1n\u00ed pro v\u00fdb\u011br architektonick\u00e9ho t\u00fdmu, kter\u00fd by na t\u011bchto pozemc\u00edch navrhl bezz\u00e1sahov\u00fd p\u0159\u00edrodn\u00ed park s ohledem na v\u00fdskyt ohro\u017een\u00fdch druh\u016f \u017eivo\u010dich\u016f. Z toho d\u016fvodu byl odborem ochrany \u017eivotn\u00edho prost\u0159ed\u00ed M\u010c Praha 3 objedn\u00e1n biologick\u00fd pr\u016fzkum lokality, kter\u00fd v listopadu 2020 vydal docent Vojar spole\u010dn\u011b s dal\u0161\u00edmi odborn\u00edky. V z\u00e1v\u011brech pr\u016fzkumu je oblast pl\u00e1novan\u00e9 v\u00fdstavby ozna\u010den\u00e1 jako tzv. p\u0159\u00edrodn\u00ed z\u00f3na, kde se vzhledem k ochran\u011b biotop\u016f a ohro\u017een\u00fdch druh\u016f \u017eivo\u010dich\u016f nedoporu\u010duje sm\u011b\u0159ovat jak\u00e9koliv aktivity. Pr\u016fzkum bude aktu\u00e1ln\u011b p\u0159edm\u011btem jedn\u00e1n\u00ed komise pro \u017eivotn\u00ed prost\u0159ed\u00ed a dal\u0161\u00edch poradn\u00edch org\u00e1n\u016f m\u011bstsk\u00e9 \u010d\u00e1sti.<\/p>\n<h2>Rizika a p\u0159\u00edle\u017eitosti z\u00e1m\u011bru<\/h2>\n<p>M\u00e1lokdo by o\u010dek\u00e1val, \u017ee se na tak \u00fazkou parcelu vejde bytov\u00fd d\u016fm. Svou konstrukc\u00ed a um\u00edst\u011bn\u00edm v bl\u00edzkosti parku Paruk\u00e1\u0159ka jist\u011b vyvol\u00e1v\u00e1 kontroverze. Na jedn\u00e9 stran\u011b by bylo p\u0159\u00ednosem pro m\u011bsto p\u0159eveden\u00ed p\u0159ilehl\u00fdch pozemk\u016f nezasa\u017een\u00fdch stavbou do vlastnictv\u00ed m\u011bstsk\u00e9 \u010d\u00e1sti, kter\u00e9 je o\u0161et\u0159eno v\u00fd\u0161e zm\u00edn\u011bnou darovac\u00ed smlouvou. Jedn\u00e1 se o 5000 m2, kter\u00e9 mohou slou\u017eit jako zele\u0148 ke sportu a rekreaci. Ov\u0161em nejnov\u011bj\u0161\u00ed v\u00fdsledky biologick\u00e9ho pr\u016fzkumu nazna\u010duj\u00ed, \u017ee z hlediska ochrany \u017eivotn\u00edho prost\u0159ed\u00ed by uveden\u00e1 stavba mohla m\u00edt v\u00fdznamn\u00fd negativn\u00ed dopad na existuj\u00edc\u00ed biotopy. Pl\u00e1novanou v\u00fdstavbou jsou nejv\u00edce ohro\u017een\u00ed hn\u00edzd\u00edc\u00ed pt\u00e1ci v\u010detn\u011b zvl\u00e1\u0161t\u011b chr\u00e1n\u011bn\u00e9ho ror\u00fdse obecn\u00e9ho. Stavebn\u00ed parcela je sou\u010d\u00e1st\u00ed tzv. p\u0159\u00edrodn\u00ed z\u00f3ny, kter\u00e1 je pro \u017eivo\u010dichy kl\u00ed\u010dov\u00e1 a ve\u0161ker\u00e9 aktivity se doporu\u010duj\u00ed sm\u011b\u0159ovat na v\u00fdchod od uveden\u00e9ho \u00fazem\u00ed. Z toho d\u016fvodu je podle pr\u016fzkumu nejen ne\u017e\u00e1douc\u00ed v\u00fdstavba polyfunk\u010dn\u00edho domu, ale tak\u00e9 vyu\u017eit\u00ed v budoucnu darovan\u00fdch pozemk\u016f. Ot\u00e1zkou z\u016fst\u00e1v\u00e1, jak dan\u00e1 skute\u010dnost ovlivn\u00ed stanovisko m\u011bstsk\u00e9 \u010d\u00e1sti a pl\u00e1novanou v\u00fdstavbu.<\/p>\n<p><img loading=\"lazy\" decoding=\"async\" data-attachment-id=\"332\" data-permalink=\"https:\/\/www.zizkovnezastavis.cz\/kauzy\/polyfunkcni-dum-pitterova\/viz3\/\" data-orig-file=\"https:\/\/www.zizkovnezastavis.cz\/kauzy\/wp-content\/uploads\/2018\/02\/viz3.jpg\" data-orig-size=\"1133,754\" data-comments-opened=\"0\" data-image-meta=\"{&quot;aperture&quot;:&quot;0&quot;,&quot;credit&quot;:&quot;Rut, Ondrej&quot;,&quot;camera&quot;:&quot;&quot;,&quot;caption&quot;:&quot;&quot;,&quot;created_timestamp&quot;:&quot;1517505103&quot;,&quot;copyright&quot;:&quot;&quot;,&quot;focal_length&quot;:&quot;0&quot;,&quot;iso&quot;:&quot;0&quot;,&quot;shutter_speed&quot;:&quot;0&quot;,&quot;title&quot;:&quot;&quot;,&quot;orientation&quot;:&quot;0&quot;}\" data-image-title=\"viz3\" data-image-description=\"\" data-image-caption=\"\" data-medium-file=\"https:\/\/www.zizkovnezastavis.cz\/kauzy\/wp-content\/uploads\/2018\/02\/viz3-300x200.jpg\" data-large-file=\"https:\/\/www.zizkovnezastavis.cz\/kauzy\/wp-content\/uploads\/2018\/02\/viz3-1024x681.jpg\" class=\"alignnone size-medium wp-image-332\" src=\"http:\/\/zizkovnezastavis.cz\/kauzy\/wp-content\/uploads\/2018\/02\/viz3-300x200.jpg\" alt=\"\" width=\"300\" height=\"200\" srcset=\"https:\/\/www.zizkovnezastavis.cz\/kauzy\/wp-content\/uploads\/2018\/02\/viz3-300x200.jpg 300w, https:\/\/www.zizkovnezastavis.cz\/kauzy\/wp-content\/uploads\/2018\/02\/viz3-768x511.jpg 768w, https:\/\/www.zizkovnezastavis.cz\/kauzy\/wp-content\/uploads\/2018\/02\/viz3-1024x681.jpg 1024w, https:\/\/www.zizkovnezastavis.cz\/kauzy\/wp-content\/uploads\/2018\/02\/viz3.jpg 1133w\" sizes=\"auto, (max-width: 300px) 85vw, 300px\" \/>\u00a0<img loading=\"lazy\" decoding=\"async\" data-attachment-id=\"331\" data-permalink=\"https:\/\/www.zizkovnezastavis.cz\/kauzy\/polyfunkcni-dum-pitterova\/viz4\/\" data-orig-file=\"https:\/\/www.zizkovnezastavis.cz\/kauzy\/wp-content\/uploads\/2018\/02\/viz4.jpg\" data-orig-size=\"1136,757\" data-comments-opened=\"0\" data-image-meta=\"{&quot;aperture&quot;:&quot;0&quot;,&quot;credit&quot;:&quot;Rut, Ondrej&quot;,&quot;camera&quot;:&quot;&quot;,&quot;caption&quot;:&quot;&quot;,&quot;created_timestamp&quot;:&quot;1517505126&quot;,&quot;copyright&quot;:&quot;&quot;,&quot;focal_length&quot;:&quot;0&quot;,&quot;iso&quot;:&quot;0&quot;,&quot;shutter_speed&quot;:&quot;0&quot;,&quot;title&quot;:&quot;&quot;,&quot;orientation&quot;:&quot;0&quot;}\" data-image-title=\"viz4\" data-image-description=\"\" data-image-caption=\"\" data-medium-file=\"https:\/\/www.zizkovnezastavis.cz\/kauzy\/wp-content\/uploads\/2018\/02\/viz4-300x200.jpg\" data-large-file=\"https:\/\/www.zizkovnezastavis.cz\/kauzy\/wp-content\/uploads\/2018\/02\/viz4-1024x682.jpg\" class=\"alignnone size-medium wp-image-331\" src=\"http:\/\/zizkovnezastavis.cz\/kauzy\/wp-content\/uploads\/2018\/02\/viz4-300x200.jpg\" alt=\"\" width=\"300\" height=\"200\" srcset=\"https:\/\/www.zizkovnezastavis.cz\/kauzy\/wp-content\/uploads\/2018\/02\/viz4-300x200.jpg 300w, https:\/\/www.zizkovnezastavis.cz\/kauzy\/wp-content\/uploads\/2018\/02\/viz4-768x512.jpg 768w, https:\/\/www.zizkovnezastavis.cz\/kauzy\/wp-content\/uploads\/2018\/02\/viz4-1024x682.jpg 1024w, https:\/\/www.zizkovnezastavis.cz\/kauzy\/wp-content\/uploads\/2018\/02\/viz4.jpg 1136w\" sizes=\"auto, (max-width: 300px) 85vw, 300px\" \/><br \/>\n<img loading=\"lazy\" decoding=\"async\" data-attachment-id=\"333\" data-permalink=\"https:\/\/www.zizkovnezastavis.cz\/kauzy\/polyfunkcni-dum-pitterova\/viz2\/\" data-orig-file=\"https:\/\/www.zizkovnezastavis.cz\/kauzy\/wp-content\/uploads\/2018\/02\/viz2.jpg\" data-orig-size=\"1133,755\" data-comments-opened=\"0\" data-image-meta=\"{&quot;aperture&quot;:&quot;0&quot;,&quot;credit&quot;:&quot;Rut, Ondrej&quot;,&quot;camera&quot;:&quot;&quot;,&quot;caption&quot;:&quot;&quot;,&quot;created_timestamp&quot;:&quot;1517505082&quot;,&quot;copyright&quot;:&quot;&quot;,&quot;focal_length&quot;:&quot;0&quot;,&quot;iso&quot;:&quot;0&quot;,&quot;shutter_speed&quot;:&quot;0&quot;,&quot;title&quot;:&quot;&quot;,&quot;orientation&quot;:&quot;0&quot;}\" data-image-title=\"viz2\" data-image-description=\"\" data-image-caption=\"\" data-medium-file=\"https:\/\/www.zizkovnezastavis.cz\/kauzy\/wp-content\/uploads\/2018\/02\/viz2-300x200.jpg\" data-large-file=\"https:\/\/www.zizkovnezastavis.cz\/kauzy\/wp-content\/uploads\/2018\/02\/viz2-1024x682.jpg\" class=\"alignnone size-medium wp-image-333\" src=\"http:\/\/zizkovnezastavis.cz\/kauzy\/wp-content\/uploads\/2018\/02\/viz2-300x200.jpg\" alt=\"\" width=\"300\" height=\"200\" srcset=\"https:\/\/www.zizkovnezastavis.cz\/kauzy\/wp-content\/uploads\/2018\/02\/viz2-300x200.jpg 300w, https:\/\/www.zizkovnezastavis.cz\/kauzy\/wp-content\/uploads\/2018\/02\/viz2-768x512.jpg 768w, https:\/\/www.zizkovnezastavis.cz\/kauzy\/wp-content\/uploads\/2018\/02\/viz2-1024x682.jpg 1024w, https:\/\/www.zizkovnezastavis.cz\/kauzy\/wp-content\/uploads\/2018\/02\/viz2.jpg 1133w\" sizes=\"auto, (max-width: 300px) 85vw, 300px\" \/> <img loading=\"lazy\" decoding=\"async\" data-attachment-id=\"334\" data-permalink=\"https:\/\/www.zizkovnezastavis.cz\/kauzy\/polyfunkcni-dum-pitterova\/viz1\/\" data-orig-file=\"https:\/\/www.zizkovnezastavis.cz\/kauzy\/wp-content\/uploads\/2018\/02\/viz1.jpg\" data-orig-size=\"1134,755\" data-comments-opened=\"0\" data-image-meta=\"{&quot;aperture&quot;:&quot;0&quot;,&quot;credit&quot;:&quot;Rut, Ondrej&quot;,&quot;camera&quot;:&quot;&quot;,&quot;caption&quot;:&quot;&quot;,&quot;created_timestamp&quot;:&quot;1517505065&quot;,&quot;copyright&quot;:&quot;&quot;,&quot;focal_length&quot;:&quot;0&quot;,&quot;iso&quot;:&quot;0&quot;,&quot;shutter_speed&quot;:&quot;0&quot;,&quot;title&quot;:&quot;&quot;,&quot;orientation&quot;:&quot;0&quot;}\" data-image-title=\"viz1\" data-image-description=\"\" data-image-caption=\"\" data-medium-file=\"https:\/\/www.zizkovnezastavis.cz\/kauzy\/wp-content\/uploads\/2018\/02\/viz1-300x200.jpg\" data-large-file=\"https:\/\/www.zizkovnezastavis.cz\/kauzy\/wp-content\/uploads\/2018\/02\/viz1-1024x682.jpg\" class=\"alignnone size-medium wp-image-334\" src=\"http:\/\/zizkovnezastavis.cz\/kauzy\/wp-content\/uploads\/2018\/02\/viz1-300x200.jpg\" alt=\"\" width=\"300\" height=\"200\" srcset=\"https:\/\/www.zizkovnezastavis.cz\/kauzy\/wp-content\/uploads\/2018\/02\/viz1-300x200.jpg 300w, https:\/\/www.zizkovnezastavis.cz\/kauzy\/wp-content\/uploads\/2018\/02\/viz1-768x511.jpg 768w, https:\/\/www.zizkovnezastavis.cz\/kauzy\/wp-content\/uploads\/2018\/02\/viz1-1024x682.jpg 1024w, https:\/\/www.zizkovnezastavis.cz\/kauzy\/wp-content\/uploads\/2018\/02\/viz1.jpg 1134w\" sizes=\"auto, (max-width: 300px) 85vw, 300px\" \/><\/p>\n<p><img loading=\"lazy\" decoding=\"async\" data-attachment-id=\"655\" data-permalink=\"https:\/\/www.zizkovnezastavis.cz\/kauzy\/polyfunkcni-dum-pitterova\/vojar-a-kol-2020-screenshot\/\" data-orig-file=\"https:\/\/www.zizkovnezastavis.cz\/kauzy\/wp-content\/uploads\/2018\/02\/Vojar-a-kol.-2020-screenshot.png\" data-orig-size=\"900,577\" data-comments-opened=\"0\" data-image-meta=\"{&quot;aperture&quot;:&quot;0&quot;,&quot;credit&quot;:&quot;&quot;,&quot;camera&quot;:&quot;&quot;,&quot;caption&quot;:&quot;&quot;,&quot;created_timestamp&quot;:&quot;0&quot;,&quot;copyright&quot;:&quot;&quot;,&quot;focal_length&quot;:&quot;0&quot;,&quot;iso&quot;:&quot;0&quot;,&quot;shutter_speed&quot;:&quot;0&quot;,&quot;title&quot;:&quot;&quot;,&quot;orientation&quot;:&quot;0&quot;}\" data-image-title=\"Vojar a kol. (2020) &#8211; screenshot\" data-image-description=\"\" data-image-caption=\"\" data-medium-file=\"https:\/\/www.zizkovnezastavis.cz\/kauzy\/wp-content\/uploads\/2018\/02\/Vojar-a-kol.-2020-screenshot-300x192.png\" data-large-file=\"https:\/\/www.zizkovnezastavis.cz\/kauzy\/wp-content\/uploads\/2018\/02\/Vojar-a-kol.-2020-screenshot.png\" class=\"alignnone wp-image-655\" src=\"http:\/\/zizkovnezastavis.cz\/kauzy\/wp-content\/uploads\/2018\/02\/Vojar-a-kol.-2020-screenshot-300x192.png\" alt=\"\" width=\"389\" height=\"249\" srcset=\"https:\/\/www.zizkovnezastavis.cz\/kauzy\/wp-content\/uploads\/2018\/02\/Vojar-a-kol.-2020-screenshot-300x192.png 300w, https:\/\/www.zizkovnezastavis.cz\/kauzy\/wp-content\/uploads\/2018\/02\/Vojar-a-kol.-2020-screenshot-768x492.png 768w, https:\/\/www.zizkovnezastavis.cz\/kauzy\/wp-content\/uploads\/2018\/02\/Vojar-a-kol.-2020-screenshot.png 900w\" sizes=\"auto, (max-width: 389px) 85vw, 389px\" \/><br \/>\nZdroj: Vojar a kol. (2020)<br \/>\n&#8211; \u010derven\u011b je ozna\u010den\u00e1 \u010d\u00e1st biotopu nejvhodn\u011bj\u0161\u00ed pro pt\u00e1ky (shoduj\u00edc\u00ed se s parcelou polyfunk\u010dn\u00edho domu)<br \/>\n&#8211; \u010dern\u011b je ozna\u010dena cel\u00e1 p\u0159\u00edrodn\u00ed z\u00f3na d\u016fle\u017eit\u00e1 pro zachov\u00e1n\u00ed zji\u0161t\u011bn\u00fdch druh\u016f \u017eivo\u010dich\u016f a rostlin<\/p>\n<p>&nbsp;<\/p>\n","protected":false},"excerpt":{"rendered":"<p>Popis a historie z\u00e1m\u011bru Navrhovan\u00fd \u0161estipodla\u017en\u00ed polyfunk\u010dn\u00ed d\u016fm v ulici Pitterova by m\u011bl st\u00e1t na plo\u0161e ozna\u010den\u00e9 v \u00fazemn\u00edm pl\u00e1nu Prahy jako SV (v\u0161eobecn\u011b sm\u00ed\u0161en\u00e9). V dom\u011b by m\u011bla dominovat bytov\u00e1 funkce dopln\u011bn\u00e1 o restauraci \/ kav\u00e1rnu v p\u0159\u00edzem\u00ed. Na st\u0159e\u0161e domu se po\u010d\u00edt\u00e1 se st\u0159e\u0161n\u00edmi zahradami. V p\u0159\u00edzem\u00ed jsou navr\u017eeny parkovac\u00ed st\u00e1n\u00ed a ob\u010dansk\u00e1 &hellip; <a href=\"https:\/\/www.zizkovnezastavis.cz\/kauzy\/polyfunkcni-dum-pitterova\/\" class=\"more-link\">Pokra\u010dovat ve \u010dten\u00ed<span class=\"screen-reader-text\"> &#8222;Polyfunk\u010dn\u00ed d\u016fm Pitterova&#8220;<\/span><\/a><\/p>\n","protected":false},"author":1,"featured_media":332,"comment_status":"closed","ping_status":"open","sticky":false,"template":"","format":"standard","meta":{"jetpack_post_was_ever_published":false,"_jetpack_newsletter_access":"","_jetpack_dont_email_post_to_subs":false,"_jetpack_newsletter_tier_id":0,"_jetpack_memberships_contains_paywalled_content":false,"_jetpack_memberships_contains_paid_content":false,"footnotes":"","jetpack_publicize_message":"","jetpack_publicize_feature_enabled":true,"jetpack_social_post_already_shared":true,"jetpack_social_options":{"image_generator_settings":{"template":"highway","default_image_id":0,"font":"","enabled":false},"version":2}},"categories":[2],"tags":[],"class_list":["post-329","post","type-post","status-publish","format-standard","has-post-thumbnail","hentry","category-kauzy"],"jetpack_publicize_connections":[],"jetpack_featured_media_url":"https:\/\/www.zizkovnezastavis.cz\/kauzy\/wp-content\/uploads\/2018\/02\/viz3.jpg","jetpack_sharing_enabled":true,"jetpack_shortlink":"https:\/\/wp.me\/p84hC0-5j","_links":{"self":[{"href":"https:\/\/www.zizkovnezastavis.cz\/kauzy\/wp-json\/wp\/v2\/posts\/329","targetHints":{"allow":["GET"]}}],"collection":[{"href":"https:\/\/www.zizkovnezastavis.cz\/kauzy\/wp-json\/wp\/v2\/posts"}],"about":[{"href":"https:\/\/www.zizkovnezastavis.cz\/kauzy\/wp-json\/wp\/v2\/types\/post"}],"author":[{"embeddable":true,"href":"https:\/\/www.zizkovnezastavis.cz\/kauzy\/wp-json\/wp\/v2\/users\/1"}],"replies":[{"embeddable":true,"href":"https:\/\/www.zizkovnezastavis.cz\/kauzy\/wp-json\/wp\/v2\/comments?post=329"}],"version-history":[{"count":14,"href":"https:\/\/www.zizkovnezastavis.cz\/kauzy\/wp-json\/wp\/v2\/posts\/329\/revisions"}],"predecessor-version":[{"id":660,"href":"https:\/\/www.zizkovnezastavis.cz\/kauzy\/wp-json\/wp\/v2\/posts\/329\/revisions\/660"}],"wp:featuredmedia":[{"embeddable":true,"href":"https:\/\/www.zizkovnezastavis.cz\/kauzy\/wp-json\/wp\/v2\/media\/332"}],"wp:attachment":[{"href":"https:\/\/www.zizkovnezastavis.cz\/kauzy\/wp-json\/wp\/v2\/media?parent=329"}],"wp:term":[{"taxonomy":"category","embeddable":true,"href":"https:\/\/www.zizkovnezastavis.cz\/kauzy\/wp-json\/wp\/v2\/categories?post=329"},{"taxonomy":"post_tag","embeddable":true,"href":"https:\/\/www.zizkovnezastavis.cz\/kauzy\/wp-json\/wp\/v2\/tags?post=329"}],"curies":[{"name":"wp","href":"https:\/\/api.w.org\/{rel}","templated":true}]}}