{"id":703,"date":"2021-02-16T18:45:04","date_gmt":"2021-02-16T17:45:04","guid":{"rendered":"http:\/\/zizkovnezastavis.cz\/kauzy\/?p=703"},"modified":"2021-02-21T22:29:40","modified_gmt":"2021-02-21T21:29:40","slug":"cvicebni-a-relaxacni-centrum-balkan","status":"publish","type":"post","link":"https:\/\/www.zizkovnezastavis.cz\/kauzy\/cvicebni-a-relaxacni-centrum-balkan\/","title":{"rendered":"Cvi\u010debn\u00ed a relaxa\u010dn\u00ed centrum Balk\u00e1n"},"content":{"rendered":"<h2>Popis a historie z\u00e1m\u011bru<\/h2>\n<p>Z\u00e1m\u011brem investora je v\u00fdstavba sportovn\u00edho a relaxa\u010dn\u00edho centra. Jedn\u00e1 se o stavbu, ve kter\u00e9 je navrhnut\u00e9 wellness centrum s n\u011bkolika jednotkami hotelov\u00fdch pokoj\u016f.<\/p>\n<p>Z\u00e1m\u011br je v r\u016fzn\u00fdch podob\u00e1ch projedn\u00e1v\u00e1n ji\u017e od roku 2011, kdy byl p\u0159edlo\u017een jako dvojice budov se slu\u017eebn\u00edmi byty. V\u00fdbor pro \u00fazemn\u00ed rozvoj m\u011bstsk\u00e9 \u010d\u00e1sti ji\u017e v roce 2011 a op\u011btovn\u011b v roce 2012 nesouhlasil s v\u00fdstavbou. D\u016fvodem byl tehdy &#8222;p\u0159edimenzovan\u00fd n\u00e1vrh po\u010dtu slu\u017eebn\u00edch byt\u016f, kter\u00fd z n\u00e1vrhu defacto d\u011blal bytov\u00fd d\u016fm, jen\u017e je nep\u0159\u00edpustn\u00fd pro dan\u00e9 \u00fazem\u00ed&#8220;. Investor n\u00e1vrh p\u0159epracoval na uveden\u00e9 wellness centrum, kter\u00e9 ji\u017e v\u00edce odpov\u00edd\u00e1 funk\u010dn\u00edmu zam\u011b\u0159en\u00ed plochy. N\u00e1vrh byl prezentov\u00e1n na V\u00fdboru pro \u00fazemn\u00ed rozvoj v \u010dervenci roku 2020, kter\u00fd inicioval ujasn\u011bn\u00ed v\u00fdpo\u010dtu z \u00fazemn\u00edho pl\u00e1nu odvozen\u00fdch limit\u016f u\u017eitn\u00fdch ploch a jejich projedn\u00e1n\u00ed se soused\u00edc\u00edmi subjekty TJ Sokol \u017di\u017ekov a TJ Spoje Praha. Vzhledem k tomu, \u017ee z\u00e1m\u011br by vy\u010derpal v\u00edce koeficientu HPP (hrub\u00fdch podla\u017en\u00edch ploch) ne\u017e odpov\u00edd\u00e1 pom\u011bru toho pozemku, kter\u00fd investor vlastn\u00ed, nebyl v prosinci roku 2020 V\u00fdborem pro \u00fazemn\u00ed rozvoj doporu\u010den k realizaci. Nad\u00e1le prob\u00edh\u00e1 soudn\u00ed spor s majiteli sousedn\u00edch parcel.<\/p>\n<h2>Rizika a p\u0159\u00edle\u017eitosti z\u00e1m\u011bru<\/h2>\n<p>Jedn\u00e1 se o architektonicky \u010dist\u00fd a docela p\u016fsobiv\u00fd projekt, kter\u00fd by urbanisticky i sv\u00fdm zam\u011b\u0159en\u00edm dost mo\u017en\u00e1 danou lokalitu sp\u00ed\u0161e obohatil. Jako problematick\u00fd se ale jev\u00ed diskutabiln\u00ed pod\u00edl hotelov\u00fdch pokoj\u016f a vy\u010derp\u00e1n\u00ed stavebn\u00ed kapacity funk\u010dn\u00ed plochy, jej\u00ed\u017e sou\u010d\u00e1st\u00ed z\u00e1jmov\u00e9 \u00fazem\u00ed je, co\u017e znemo\u017e\u0148uje dal\u0161\u00edm vlastn\u00edk\u016fm sousedn\u00edch pozemk\u016f jak\u00e9koliv stavebn\u00ed z\u00e1m\u011bry.<\/p>\n<p>Vzhledem k tomu, \u017ee se jedn\u00e1 o plochu s funk\u010dn\u00edm vyu\u017eit\u00edm SP (sportovn\u00ed plocha), jsou stanoveny relativn\u011b p\u0159\u00edsn\u00e9 limity na zastavitelnost \u00fazem\u00ed, co\u017e by do budoucna omezilo mo\u017enosti vlastn\u00edk\u016f ostatn\u00edch parcel v r\u00e1mci funk\u010dn\u00ed plochy. P\u0159esto\u017ee sportovn\u00ed a relaxa\u010dn\u00ed centrum by mohlo b\u00fdt vhodn\u00fdm dopln\u011bn\u00edm aktu\u00e1ln\u00ed nab\u00eddky sportovn\u00edho are\u00e1lu, tak lze diskutabiln\u011b nahl\u00ed\u017eet na mno\u017estv\u00ed hotelov\u00fdch pokoj\u016f, kter\u00e9 v \u0161ir\u0161\u00edm centru Prahy v \u00fazem\u00ed s omezenou stavebn\u00ed kapacitou nejsou \u017e\u00e1douc\u00ed, naopak centrum by v prv\u00e9 \u0159ad\u011b m\u011blo slou\u017eit m\u00edstn\u00edm. Jako negativum lze nahl\u00ed\u017eet na vyvolan\u00e9 zv\u00fd\u0161en\u00ed m\u00edst\u00ed individu\u00e1ln\u00ed automobilov\u00e9 dopravy.<\/p>\n<p>Vy\u0161\u0161\u00ed nab\u00eddka slu\u017eeb a o\u017eiven\u00ed cel\u00e9 oblasti je v\u0161ak z\u00e1rove\u0148 i pozitivn\u00edm d\u016fsledkem, z\u00e1le\u017e\u00ed na \u00fahlu pohledu. Nav\u00edc se jedn\u00e1 o dopln\u011bn\u00ed nab\u00eddky sportovn\u00edho are\u00e1lu, kter\u00fd je v \u00fazemn\u00edm pl\u00e1nu definovan\u00fd jako sportovn\u00ed plocha, je\u017e se bude do budoucna rozv\u00edjet. Dal\u0161\u00edm v\u00fdznamn\u00fdm pozitivem je decentn\u00ed a urbanisticky logicky rozvr\u017een\u00e1 architektura domu, kter\u00e1 by vyu\u017eila aktu\u00e1ln\u011b nevyu\u017e\u00edvanou a neudr\u017eovanou plochu.<\/p>\n<p><img loading=\"lazy\" decoding=\"async\" data-attachment-id=\"706\" data-permalink=\"https:\/\/www.zizkovnezastavis.cz\/kauzy\/cvicebni-a-relaxacni-centrum-balkan\/situ1\/\" data-orig-file=\"https:\/\/www.zizkovnezastavis.cz\/kauzy\/wp-content\/uploads\/2021\/02\/situ1.jpg\" data-orig-size=\"1335,941\" data-comments-opened=\"0\" data-image-meta=\"{&quot;aperture&quot;:&quot;0&quot;,&quot;credit&quot;:&quot;&quot;,&quot;camera&quot;:&quot;&quot;,&quot;caption&quot;:&quot;&quot;,&quot;created_timestamp&quot;:&quot;0&quot;,&quot;copyright&quot;:&quot;&quot;,&quot;focal_length&quot;:&quot;0&quot;,&quot;iso&quot;:&quot;0&quot;,&quot;shutter_speed&quot;:&quot;0&quot;,&quot;title&quot;:&quot;&quot;,&quot;orientation&quot;:&quot;1&quot;}\" data-image-title=\"situ1\" data-image-description=\"\" data-image-caption=\"\" data-medium-file=\"https:\/\/www.zizkovnezastavis.cz\/kauzy\/wp-content\/uploads\/2021\/02\/situ1-300x211.jpg\" data-large-file=\"https:\/\/www.zizkovnezastavis.cz\/kauzy\/wp-content\/uploads\/2021\/02\/situ1-1024x722.jpg\" class=\"alignnone wp-image-706\" src=\"http:\/\/zizkovnezastavis.cz\/kauzy\/wp-content\/uploads\/2021\/02\/situ1-300x211.jpg\" alt=\"\" width=\"286\" height=\"201\" srcset=\"https:\/\/www.zizkovnezastavis.cz\/kauzy\/wp-content\/uploads\/2021\/02\/situ1-300x211.jpg 300w, https:\/\/www.zizkovnezastavis.cz\/kauzy\/wp-content\/uploads\/2021\/02\/situ1-1024x722.jpg 1024w, https:\/\/www.zizkovnezastavis.cz\/kauzy\/wp-content\/uploads\/2021\/02\/situ1-768x541.jpg 768w, https:\/\/www.zizkovnezastavis.cz\/kauzy\/wp-content\/uploads\/2021\/02\/situ1-1200x846.jpg 1200w, https:\/\/www.zizkovnezastavis.cz\/kauzy\/wp-content\/uploads\/2021\/02\/situ1.jpg 1335w\" sizes=\"auto, (max-width: 286px) 85vw, 286px\" \/> <img loading=\"lazy\" decoding=\"async\" data-attachment-id=\"711\" data-permalink=\"https:\/\/www.zizkovnezastavis.cz\/kauzy\/cvicebni-a-relaxacni-centrum-balkan\/vizu3\/\" data-orig-file=\"https:\/\/www.zizkovnezastavis.cz\/kauzy\/wp-content\/uploads\/2021\/02\/vizu3.jpg\" data-orig-size=\"1337,513\" data-comments-opened=\"0\" data-image-meta=\"{&quot;aperture&quot;:&quot;0&quot;,&quot;credit&quot;:&quot;&quot;,&quot;camera&quot;:&quot;&quot;,&quot;caption&quot;:&quot;&quot;,&quot;created_timestamp&quot;:&quot;0&quot;,&quot;copyright&quot;:&quot;&quot;,&quot;focal_length&quot;:&quot;0&quot;,&quot;iso&quot;:&quot;0&quot;,&quot;shutter_speed&quot;:&quot;0&quot;,&quot;title&quot;:&quot;&quot;,&quot;orientation&quot;:&quot;1&quot;}\" data-image-title=\"vizu3\" data-image-description=\"\" data-image-caption=\"\" data-medium-file=\"https:\/\/www.zizkovnezastavis.cz\/kauzy\/wp-content\/uploads\/2021\/02\/vizu3-300x115.jpg\" data-large-file=\"https:\/\/www.zizkovnezastavis.cz\/kauzy\/wp-content\/uploads\/2021\/02\/vizu3-1024x393.jpg\" class=\"alignnone size-medium wp-image-711\" src=\"http:\/\/zizkovnezastavis.cz\/kauzy\/wp-content\/uploads\/2021\/02\/vizu3-300x115.jpg\" alt=\"\" width=\"300\" height=\"115\" srcset=\"https:\/\/www.zizkovnezastavis.cz\/kauzy\/wp-content\/uploads\/2021\/02\/vizu3-300x115.jpg 300w, https:\/\/www.zizkovnezastavis.cz\/kauzy\/wp-content\/uploads\/2021\/02\/vizu3-1024x393.jpg 1024w, https:\/\/www.zizkovnezastavis.cz\/kauzy\/wp-content\/uploads\/2021\/02\/vizu3-768x295.jpg 768w, https:\/\/www.zizkovnezastavis.cz\/kauzy\/wp-content\/uploads\/2021\/02\/vizu3-1200x460.jpg 1200w, https:\/\/www.zizkovnezastavis.cz\/kauzy\/wp-content\/uploads\/2021\/02\/vizu3.jpg 1337w\" sizes=\"auto, (max-width: 300px) 85vw, 300px\" \/><\/p>\n<p><img loading=\"lazy\" decoding=\"async\" data-attachment-id=\"709\" data-permalink=\"https:\/\/www.zizkovnezastavis.cz\/kauzy\/cvicebni-a-relaxacni-centrum-balkan\/vizu1-2\/\" data-orig-file=\"https:\/\/www.zizkovnezastavis.cz\/kauzy\/wp-content\/uploads\/2021\/02\/vizu1.jpg\" data-orig-size=\"1335,941\" data-comments-opened=\"0\" data-image-meta=\"{&quot;aperture&quot;:&quot;0&quot;,&quot;credit&quot;:&quot;&quot;,&quot;camera&quot;:&quot;&quot;,&quot;caption&quot;:&quot;&quot;,&quot;created_timestamp&quot;:&quot;0&quot;,&quot;copyright&quot;:&quot;&quot;,&quot;focal_length&quot;:&quot;0&quot;,&quot;iso&quot;:&quot;0&quot;,&quot;shutter_speed&quot;:&quot;0&quot;,&quot;title&quot;:&quot;&quot;,&quot;orientation&quot;:&quot;1&quot;}\" data-image-title=\"vizu1\" data-image-description=\"\" data-image-caption=\"\" data-medium-file=\"https:\/\/www.zizkovnezastavis.cz\/kauzy\/wp-content\/uploads\/2021\/02\/vizu1-300x211.jpg\" data-large-file=\"https:\/\/www.zizkovnezastavis.cz\/kauzy\/wp-content\/uploads\/2021\/02\/vizu1-1024x722.jpg\" class=\"alignnone size-medium wp-image-709\" src=\"http:\/\/zizkovnezastavis.cz\/kauzy\/wp-content\/uploads\/2021\/02\/vizu1-300x211.jpg\" alt=\"\" width=\"300\" height=\"211\" srcset=\"https:\/\/www.zizkovnezastavis.cz\/kauzy\/wp-content\/uploads\/2021\/02\/vizu1-300x211.jpg 300w, https:\/\/www.zizkovnezastavis.cz\/kauzy\/wp-content\/uploads\/2021\/02\/vizu1-1024x722.jpg 1024w, https:\/\/www.zizkovnezastavis.cz\/kauzy\/wp-content\/uploads\/2021\/02\/vizu1-768x541.jpg 768w, https:\/\/www.zizkovnezastavis.cz\/kauzy\/wp-content\/uploads\/2021\/02\/vizu1-1200x846.jpg 1200w, https:\/\/www.zizkovnezastavis.cz\/kauzy\/wp-content\/uploads\/2021\/02\/vizu1.jpg 1335w\" sizes=\"auto, (max-width: 300px) 85vw, 300px\" \/> <img loading=\"lazy\" decoding=\"async\" data-attachment-id=\"710\" data-permalink=\"https:\/\/www.zizkovnezastavis.cz\/kauzy\/cvicebni-a-relaxacni-centrum-balkan\/vizu2-2\/\" data-orig-file=\"https:\/\/www.zizkovnezastavis.cz\/kauzy\/wp-content\/uploads\/2021\/02\/vizu2.jpg\" data-orig-size=\"1335,941\" data-comments-opened=\"0\" data-image-meta=\"{&quot;aperture&quot;:&quot;0&quot;,&quot;credit&quot;:&quot;&quot;,&quot;camera&quot;:&quot;&quot;,&quot;caption&quot;:&quot;&quot;,&quot;created_timestamp&quot;:&quot;0&quot;,&quot;copyright&quot;:&quot;&quot;,&quot;focal_length&quot;:&quot;0&quot;,&quot;iso&quot;:&quot;0&quot;,&quot;shutter_speed&quot;:&quot;0&quot;,&quot;title&quot;:&quot;&quot;,&quot;orientation&quot;:&quot;1&quot;}\" data-image-title=\"vizu2\" data-image-description=\"\" data-image-caption=\"\" data-medium-file=\"https:\/\/www.zizkovnezastavis.cz\/kauzy\/wp-content\/uploads\/2021\/02\/vizu2-300x211.jpg\" data-large-file=\"https:\/\/www.zizkovnezastavis.cz\/kauzy\/wp-content\/uploads\/2021\/02\/vizu2-1024x722.jpg\" class=\"alignnone wp-image-710\" src=\"http:\/\/zizkovnezastavis.cz\/kauzy\/wp-content\/uploads\/2021\/02\/vizu2-300x211.jpg\" alt=\"\" width=\"286\" height=\"201\" srcset=\"https:\/\/www.zizkovnezastavis.cz\/kauzy\/wp-content\/uploads\/2021\/02\/vizu2-300x211.jpg 300w, https:\/\/www.zizkovnezastavis.cz\/kauzy\/wp-content\/uploads\/2021\/02\/vizu2-1024x722.jpg 1024w, https:\/\/www.zizkovnezastavis.cz\/kauzy\/wp-content\/uploads\/2021\/02\/vizu2-768x541.jpg 768w, https:\/\/www.zizkovnezastavis.cz\/kauzy\/wp-content\/uploads\/2021\/02\/vizu2-1200x846.jpg 1200w, https:\/\/www.zizkovnezastavis.cz\/kauzy\/wp-content\/uploads\/2021\/02\/vizu2.jpg 1335w\" sizes=\"auto, (max-width: 286px) 85vw, 286px\" \/><\/p>\n<p><img loading=\"lazy\" decoding=\"async\" data-attachment-id=\"707\" data-permalink=\"https:\/\/www.zizkovnezastavis.cz\/kauzy\/cvicebni-a-relaxacni-centrum-balkan\/sport-a-rekrea-centrum-na-balkane-mapa\/\" data-orig-file=\"https:\/\/www.zizkovnezastavis.cz\/kauzy\/wp-content\/uploads\/2021\/02\/sport-a-rekrea-centrum-na-Balka\u0301ne\u030c-mapa.png\" data-orig-size=\"744,418\" data-comments-opened=\"0\" data-image-meta=\"{&quot;aperture&quot;:&quot;0&quot;,&quot;credit&quot;:&quot;&quot;,&quot;camera&quot;:&quot;&quot;,&quot;caption&quot;:&quot;&quot;,&quot;created_timestamp&quot;:&quot;0&quot;,&quot;copyright&quot;:&quot;&quot;,&quot;focal_length&quot;:&quot;0&quot;,&quot;iso&quot;:&quot;0&quot;,&quot;shutter_speed&quot;:&quot;0&quot;,&quot;title&quot;:&quot;&quot;,&quot;orientation&quot;:&quot;0&quot;}\" data-image-title=\"sport a rekrea centrum na Balka\u0301ne\u030c mapa\" data-image-description=\"\" data-image-caption=\"\" data-medium-file=\"https:\/\/www.zizkovnezastavis.cz\/kauzy\/wp-content\/uploads\/2021\/02\/sport-a-rekrea-centrum-na-Balka\u0301ne\u030c-mapa-300x169.png\" data-large-file=\"https:\/\/www.zizkovnezastavis.cz\/kauzy\/wp-content\/uploads\/2021\/02\/sport-a-rekrea-centrum-na-Balka\u0301ne\u030c-mapa.png\" class=\"alignnone wp-image-707\" src=\"http:\/\/zizkovnezastavis.cz\/kauzy\/wp-content\/uploads\/2021\/02\/sport-a-rekrea-centrum-na-Balka\u0301ne\u030c-mapa-300x169.png\" alt=\"\" width=\"280\" height=\"158\" srcset=\"https:\/\/www.zizkovnezastavis.cz\/kauzy\/wp-content\/uploads\/2021\/02\/sport-a-rekrea-centrum-na-Balka\u0301ne\u030c-mapa-300x169.png 300w, https:\/\/www.zizkovnezastavis.cz\/kauzy\/wp-content\/uploads\/2021\/02\/sport-a-rekrea-centrum-na-Balka\u0301ne\u030c-mapa-410x230.png 410w, https:\/\/www.zizkovnezastavis.cz\/kauzy\/wp-content\/uploads\/2021\/02\/sport-a-rekrea-centrum-na-Balka\u0301ne\u030c-mapa.png 744w\" sizes=\"auto, (max-width: 280px) 85vw, 280px\" \/> <img loading=\"lazy\" decoding=\"async\" data-attachment-id=\"708\" data-permalink=\"https:\/\/www.zizkovnezastavis.cz\/kauzy\/cvicebni-a-relaxacni-centrum-balkan\/sport-a-rekrea-centrum-na-balkane\/\" data-orig-file=\"https:\/\/www.zizkovnezastavis.cz\/kauzy\/wp-content\/uploads\/2021\/02\/sport-a-rekrea-centrum-Na-Balka\u0301ne\u030c.png\" data-orig-size=\"739,373\" data-comments-opened=\"0\" data-image-meta=\"{&quot;aperture&quot;:&quot;0&quot;,&quot;credit&quot;:&quot;&quot;,&quot;camera&quot;:&quot;&quot;,&quot;caption&quot;:&quot;&quot;,&quot;created_timestamp&quot;:&quot;0&quot;,&quot;copyright&quot;:&quot;&quot;,&quot;focal_length&quot;:&quot;0&quot;,&quot;iso&quot;:&quot;0&quot;,&quot;shutter_speed&quot;:&quot;0&quot;,&quot;title&quot;:&quot;&quot;,&quot;orientation&quot;:&quot;0&quot;}\" data-image-title=\"sport a rekrea centrum Na Balka\u0301ne\u030c\" data-image-description=\"\" data-image-caption=\"\" data-medium-file=\"https:\/\/www.zizkovnezastavis.cz\/kauzy\/wp-content\/uploads\/2021\/02\/sport-a-rekrea-centrum-Na-Balka\u0301ne\u030c-300x151.png\" data-large-file=\"https:\/\/www.zizkovnezastavis.cz\/kauzy\/wp-content\/uploads\/2021\/02\/sport-a-rekrea-centrum-Na-Balka\u0301ne\u030c.png\" class=\"alignnone wp-image-708\" src=\"http:\/\/zizkovnezastavis.cz\/kauzy\/wp-content\/uploads\/2021\/02\/sport-a-rekrea-centrum-Na-Balka\u0301ne\u030c-300x151.png\" alt=\"\" width=\"288\" height=\"145\" srcset=\"https:\/\/www.zizkovnezastavis.cz\/kauzy\/wp-content\/uploads\/2021\/02\/sport-a-rekrea-centrum-Na-Balka\u0301ne\u030c-300x151.png 300w, https:\/\/www.zizkovnezastavis.cz\/kauzy\/wp-content\/uploads\/2021\/02\/sport-a-rekrea-centrum-Na-Balka\u0301ne\u030c.png 739w\" sizes=\"auto, (max-width: 288px) 85vw, 288px\" \/><\/p>\n","protected":false},"excerpt":{"rendered":"<p>Popis a historie z\u00e1m\u011bru Z\u00e1m\u011brem investora je v\u00fdstavba sportovn\u00edho a relaxa\u010dn\u00edho centra. Jedn\u00e1 se o stavbu, ve kter\u00e9 je navrhnut\u00e9 wellness centrum s n\u011bkolika jednotkami hotelov\u00fdch pokoj\u016f. Z\u00e1m\u011br je v r\u016fzn\u00fdch podob\u00e1ch projedn\u00e1v\u00e1n ji\u017e od roku 2011, kdy byl p\u0159edlo\u017een jako dvojice budov se slu\u017eebn\u00edmi byty. V\u00fdbor pro \u00fazemn\u00ed rozvoj m\u011bstsk\u00e9 \u010d\u00e1sti ji\u017e v roce &hellip; <a href=\"https:\/\/www.zizkovnezastavis.cz\/kauzy\/cvicebni-a-relaxacni-centrum-balkan\/\" class=\"more-link\">Pokra\u010dovat ve \u010dten\u00ed<span class=\"screen-reader-text\"> &#8222;Cvi\u010debn\u00ed a relaxa\u010dn\u00ed centrum Balk\u00e1n&#8220;<\/span><\/a><\/p>\n","protected":false},"author":4,"featured_media":0,"comment_status":"closed","ping_status":"open","sticky":false,"template":"","format":"standard","meta":{"jetpack_post_was_ever_published":false,"_jetpack_newsletter_access":"","_jetpack_dont_email_post_to_subs":false,"_jetpack_newsletter_tier_id":0,"_jetpack_memberships_contains_paywalled_content":false,"_jetpack_memberships_contains_paid_content":false,"footnotes":"","jetpack_publicize_message":"","jetpack_publicize_feature_enabled":true,"jetpack_social_post_already_shared":true,"jetpack_social_options":{"image_generator_settings":{"template":"highway","default_image_id":0,"font":"","enabled":false},"version":2}},"categories":[1],"tags":[],"class_list":["post-703","post","type-post","status-publish","format-standard","hentry","category-nezarazene"],"jetpack_publicize_connections":[],"jetpack_featured_media_url":"","jetpack_sharing_enabled":true,"jetpack_shortlink":"https:\/\/wp.me\/p84hC0-bl","_links":{"self":[{"href":"https:\/\/www.zizkovnezastavis.cz\/kauzy\/wp-json\/wp\/v2\/posts\/703","targetHints":{"allow":["GET"]}}],"collection":[{"href":"https:\/\/www.zizkovnezastavis.cz\/kauzy\/wp-json\/wp\/v2\/posts"}],"about":[{"href":"https:\/\/www.zizkovnezastavis.cz\/kauzy\/wp-json\/wp\/v2\/types\/post"}],"author":[{"embeddable":true,"href":"https:\/\/www.zizkovnezastavis.cz\/kauzy\/wp-json\/wp\/v2\/users\/4"}],"replies":[{"embeddable":true,"href":"https:\/\/www.zizkovnezastavis.cz\/kauzy\/wp-json\/wp\/v2\/comments?post=703"}],"version-history":[{"count":6,"href":"https:\/\/www.zizkovnezastavis.cz\/kauzy\/wp-json\/wp\/v2\/posts\/703\/revisions"}],"predecessor-version":[{"id":716,"href":"https:\/\/www.zizkovnezastavis.cz\/kauzy\/wp-json\/wp\/v2\/posts\/703\/revisions\/716"}],"wp:attachment":[{"href":"https:\/\/www.zizkovnezastavis.cz\/kauzy\/wp-json\/wp\/v2\/media?parent=703"}],"wp:term":[{"taxonomy":"category","embeddable":true,"href":"https:\/\/www.zizkovnezastavis.cz\/kauzy\/wp-json\/wp\/v2\/categories?post=703"},{"taxonomy":"post_tag","embeddable":true,"href":"https:\/\/www.zizkovnezastavis.cz\/kauzy\/wp-json\/wp\/v2\/tags?post=703"}],"curies":[{"name":"wp","href":"https:\/\/api.w.org\/{rel}","templated":true}]}}